{"id":2522,"date":"2024-08-08T10:42:26","date_gmt":"2024-08-08T07:42:26","guid":{"rendered":"https:\/\/seckinbasilgan.com\/?p=2522"},"modified":"2026-04-03T11:22:52","modified_gmt":"2026-04-03T08:22:52","slug":"genclerde-kalca-kireclenmesi","status":"publish","type":"post","link":"https:\/\/seckinbasilgan.com\/ar\/genclerde-kalca-kireclenmesi\/","title":{"rendered":"Gen\u00e7lerde Kal\u00e7a Kire\u00e7lenmesi"},"content":{"rendered":"<p data-block-id=\"52a95ee0-4694-4091-abec-d311df447b91\" data-pm-slice=\"1 1 []\">Eklem y\u00fczeyindeki k\u0131k\u0131rdak dokunun a\u015f\u0131nmas\u0131 ve bozulmas\u0131 sonucu olu\u015fan bir durumdur. <strong>Gen\u00e7lerde kal\u00e7a kire\u00e7lenmesi,<\/strong> kal\u00e7a ekleminde a\u011fr\u0131, sertlik ve hareket k\u0131s\u0131tl\u0131l\u0131\u011f\u0131na yol a\u00e7ar. Genetik fakt\u00f6rler, travmalar, spor yaralanmalar\u0131 ve obezite gibi etkenler neden olabilir. Erken te\u015fhis ve tedavi, semptomlar\u0131n hafifletilmesi ve ya\u015fam kalitesinin art\u0131r\u0131lmas\u0131 i\u00e7in \u00f6nemlidir.<\/p>\n<h2 data-block-id=\"e5455c54-edc8-472a-8f70-6e7f0321831d\">Gen\u00e7lerde Kal\u00e7a Kire\u00e7lenmesi Belirtileri Nelerdir?<\/h2>\n<p data-block-id=\"92490c26-e711-4484-a1a1-7b142581d51c\"><img loading=\"lazy\" decoding=\"async\" class=\"wp-image-2528 alignright\" src=\"https:\/\/seckinbasilgan.com\/wp-content\/uploads\/2024\/08\/genclerde-kalca-kireclenmesi-1.jpg\" alt=\"Gen\u00e7lerde Kal\u00e7a Kire\u00e7lenmesi\" width=\"296\" height=\"238\" title=\"\" srcset=\"https:\/\/seckinbasilgan.com\/wp-content\/uploads\/2024\/08\/genclerde-kalca-kireclenmesi-1.jpg 768w, https:\/\/seckinbasilgan.com\/wp-content\/uploads\/2024\/08\/genclerde-kalca-kireclenmesi-1-300x241.jpg 300w, https:\/\/seckinbasilgan.com\/wp-content\/uploads\/2024\/08\/genclerde-kalca-kireclenmesi-1-15x12.jpg 15w\" sizes=\"auto, (max-width: 296px) 100vw, 296px\" \/>Kal\u00e7ada, kas\u0131kta veya uylukta s\u00fcrekli ya da aral\u0131kl\u0131 a\u011fr\u0131 hissedilebilir. Fiziksel aktiviteler s\u0131ras\u0131nda ve sonras\u0131nda a\u011fr\u0131 artabilir. \u0130leri durumlarda dinlenme s\u0131ras\u0131nda bile a\u011fr\u0131 devam edebilir. Kal\u00e7an\u0131n hareket aral\u0131\u011f\u0131nda azalma olabilir. \u00d6zellikle bacaklar\u0131 yanlara do\u011fru a\u00e7arken ya da b\u00fckme hareketlerinde zorluk ya\u015fanabilir. Sabahlar\u0131 ya da uzun s\u00fcre hareketsiz kald\u0131ktan sonra kal\u00e7ada sertlik hissedilebilir. Kal\u00e7a ekleminde hareket s\u0131ras\u0131nda \u00e7\u0131t\u0131rdama veya s\u00fcrt\u00fcnme sesi duyulabilir. Bu durum, eklemdeki k\u0131k\u0131rdak a\u015f\u0131nmas\u0131n\u0131n bir i\u015faretidir.<\/p>\n<p data-block-id=\"92490c26-e711-4484-a1a1-7b142581d51c\">Kal\u00e7a eklemi \u00e7evresinde \u015fi\u015flik olu\u015fabilir. Kal\u00e7a b\u00f6lgesinde dokunuldu\u011funda hassasiyet hissedilebilir. A\u011fr\u0131 ve hareket k\u0131s\u0131tl\u0131l\u0131\u011f\u0131 nedeniyle y\u00fcr\u00fcy\u00fc\u015f s\u0131ras\u0131nda topallama g\u00f6r\u00fclebilir. <strong>Gen\u00e7lerde kal\u00e7a kire\u00e7lenmesi<\/strong>, dengeyi etkileyerek d\u00fc\u015fme riskini art\u0131rabilir. Kal\u00e7a \u00e7evresindeki kaslarda zay\u0131fl\u0131k ve g\u00fc\u00e7 kayb\u0131 olabilir. Bu durum, eklemin stabilitesini etkileyebilir. S\u00fcrekli a\u011fr\u0131 ve hareket k\u0131s\u0131tl\u0131l\u0131\u011f\u0131, genel bir yorgunluk ve enerji kayb\u0131na neden olabilir.<\/p>\n<h3 data-block-id=\"7a0eb0e6-fb83-442f-98c1-9a7ce8b0788c\">Gen\u00e7lerde Kal\u00e7a Kire\u00e7lenmesi Neden Olur?<\/h3>\n<p data-block-id=\"73daaa26-377a-45ab-84e6-a5358922c0e1\">Ailede kire\u00e7lenme \u00f6yk\u00fcs\u00fc bulunan bireylerde, risk daha y\u00fcksektir. Genetik yatk\u0131nl\u0131k, k\u0131k\u0131rdak yap\u0131s\u0131n\u0131n zay\u0131f olmas\u0131na ve erken ya\u015flarda dejenerasyona u\u011framas\u0131na neden olabilir. Do\u011fu\u015ftan kal\u00e7a \u00e7\u0131k\u0131\u011f\u0131 veya di\u011fer kal\u00e7a eklemi anomalileri, kire\u00e7lenmeye zemin haz\u0131rlayabilir. Bu t\u00fcr anomaliler, eklem y\u00fczeylerinin d\u00fczensizli\u011fine ve k\u0131k\u0131rdak a\u015f\u0131nmas\u0131na yol a\u00e7abilir. Gen\u00e7 ya\u015fta ge\u00e7irilen kal\u00e7a yaralanmalar\u0131, eklemde hasara neden olabilir. Spor yaralanmas\u0131, d\u00fc\u015fme gibi travmatik olay, k\u0131k\u0131rdak dokusunda dejenerasyona neden olur. Kal\u00e7a ekleminde meydana gelen enfeksiyonlar, eklem y\u00fczeylerinde hasara yol a\u00e7abilir. Bu durum, k\u0131k\u0131rdak yap\u0131s\u0131n\u0131n bozulmas\u0131na ve <strong>gen\u00e7lerde kal\u00e7a kire\u00e7lenmesi<\/strong> ya\u015fanmas\u0131na neden olabilir.<\/p>\n<p data-block-id=\"73daaa26-377a-45ab-84e6-a5358922c0e1\">Romatoid artrit ve di\u011fer iltihapl\u0131 romatizmal hastal\u0131klar, eklemde iltihaplanmaya neden olur. Ayr\u0131ca k\u0131k\u0131rdak dokusunun zarar g\u00f6rmesine yol a\u00e7ar. Bu durum, gen\u00e7 ya\u015fta kire\u00e7lenmeye neden olabilir. A\u015f\u0131r\u0131 kilo, kal\u00e7a eklemine binen y\u00fck\u00fc art\u0131r\u0131r. Bu durum, k\u0131k\u0131rdak dokusunun daha h\u0131zl\u0131 a\u015f\u0131nmas\u0131na ve riskin artmas\u0131na neden olabilir. A\u015f\u0131r\u0131 veya d\u00fczensiz fiziksel aktivite, kal\u00e7a eklemine zarar verebilir. \u00d6zellikle eklemi zorlay\u0131c\u0131 hareketler, k\u0131k\u0131rdak yap\u0131s\u0131n\u0131n bozulmas\u0131na yol a\u00e7abilir. Yetersiz beslenme ve sa\u011fl\u0131ks\u0131z ya\u015fam tarz\u0131, k\u0131k\u0131rdak dokusunun zay\u0131flamas\u0131na neden olabilir. \u00d6zellikle kalsiyum ve D vitamini eksiklikleri, kemik ve eklem sa\u011fl\u0131\u011f\u0131n\u0131 olumsuz etkiler. Metabolik hastal\u0131klar, eklem sa\u011fl\u0131\u011f\u0131n\u0131 olumsuz etkileyebilir. \u00d6zellikle diyabet gibi kronik hastal\u0131klar, eklemde dejenerasyona yol a\u00e7abilir.<\/p>\n<h3 data-block-id=\"f11e0991-8cf6-4125-a817-b268f0ff48d2\">Gen\u00e7lerde Kal\u00e7a Kire\u00e7lenmesi Tedavi Y\u00f6ntemleri<\/h3>\n<p data-block-id=\"4286115c-c79a-4831-aabf-6ba1f3da28f4\"><img loading=\"lazy\" decoding=\"async\" class=\"wp-image-2529 alignleft\" src=\"https:\/\/seckinbasilgan.com\/wp-content\/uploads\/2024\/08\/genclerde-kalca-kireclenmesi-2.jpg\" alt=\"Gen\u00e7lerde Kal\u00e7a Kire\u00e7lenmesi\" width=\"311\" height=\"233\" title=\"\" srcset=\"https:\/\/seckinbasilgan.com\/wp-content\/uploads\/2024\/08\/genclerde-kalca-kireclenmesi-2.jpg 1024w, https:\/\/seckinbasilgan.com\/wp-content\/uploads\/2024\/08\/genclerde-kalca-kireclenmesi-2-300x225.jpg 300w, https:\/\/seckinbasilgan.com\/wp-content\/uploads\/2024\/08\/genclerde-kalca-kireclenmesi-2-768x575.jpg 768w, https:\/\/seckinbasilgan.com\/wp-content\/uploads\/2024\/08\/genclerde-kalca-kireclenmesi-2-16x12.jpg 16w, https:\/\/seckinbasilgan.com\/wp-content\/uploads\/2024\/08\/genclerde-kalca-kireclenmesi-2-360x270.jpg 360w\" sizes=\"auto, (max-width: 311px) 100vw, 311px\" \/>A\u011fr\u0131y\u0131 hafifletmek i\u00e7in parasetamol veya non-steroid anti-inflamatuar ila\u00e7lar kullan\u0131l\u0131r. Enflamasyonu azaltmak i\u00e7in k\u0131sa s\u00fcreli steroid tedavisi uygulanabilir. Kas g\u00fcc\u00fcn\u00fc art\u0131rmak ve eklem hareketlili\u011fini korumak i\u00e7in \u00f6zel egzersiz programlar\u0131 uygulan\u0131r. Bu egzersizler, \u00f6zellikle kal\u00e7a \u00e7evresindeki kaslar\u0131 g\u00fc\u00e7lendirmeyi hedefler. Fizyoterapist e\u015fli\u011finde yap\u0131lan tedaviler, a\u011fr\u0131y\u0131 azaltmaya yard\u0131mc\u0131 olur. Ayr\u0131ca eklem fonksiyonlar\u0131n\u0131 da iyile\u015ftirmeye yard\u0131mc\u0131 olur. A\u015f\u0131r\u0131 kilonun eklemlere binen y\u00fck\u00fc art\u0131rmas\u0131 nedeniyle, sa\u011fl\u0131kl\u0131 bir kiloda kalmak \u00f6nemlidir.<\/p>\n<p data-block-id=\"4286115c-c79a-4831-aabf-6ba1f3da28f4\">Y\u00fcksek etkili aktivitelerden ka\u00e7\u0131narak d\u00fc\u015f\u00fck etkili egzersizler (y\u00fczme, y\u00fcr\u00fcy\u00fc\u015f, bisiklet) tercih edilmelidir. A\u011fr\u0131y\u0131 azaltmak ve dengeyi sa\u011flamak i\u00e7in y\u00fcr\u00fcte\u00e7 veya baston kullan\u0131labilir. Kal\u00e7a eklemini desteklemek ve stabilize etmek i\u00e7in \u00f6zel olarak tasarlanm\u0131\u015f ortezler kullan\u0131l\u0131r. Eklem i\u00e7ine enjekte edilen kortikosteroidler, enflamasyonu ve a\u011fr\u0131y\u0131 k\u0131sa s\u00fcreli azaltabilir. Hyaluronik asit enjeksiyonlar\u0131, eklem s\u0131v\u0131s\u0131n\u0131n viskozitesini art\u0131r\u0131r. Eklem hareketlerini iyile\u015ftirmeyi hedefler.<\/p>\n<p data-block-id=\"4286115c-c79a-4831-aabf-6ba1f3da28f4\">Minimal invaziv bir cerrahi y\u00f6ntem olan artroskopi ile eklemdeki hasarl\u0131 dokular temizlenebilir. \u015eiddetli vakalarda kal\u00e7a ekleminin de\u011fi\u015ftirilmesi gerekebilir. Gen\u00e7 hastalarda bu y\u00f6ntem genellikle son \u00e7are olarak d\u00fc\u015f\u00fcn\u00fcl\u00fcr. \u00c7\u00fcnk\u00fc protezlerin \u00f6mr\u00fc s\u0131n\u0131rl\u0131d\u0131r ve ileri ya\u015flarda yeniden cerrahi gerekebilir. Akupunktur, baz\u0131 hastalarda a\u011fr\u0131 y\u00f6netiminde etkili olabilir. Glukozamin gibi takviyeler baz\u0131 hastalarda semptomlar\u0131n hafifletilmesine yard\u0131mc\u0131 olur. <strong>Gen\u00e7lerde kal\u00e7a kire\u00e7lenmesi <\/strong>tedavisinde, erken te\u015fhis ve do\u011fru tedavi plan\u0131 ile hastalar\u0131n ya\u015fam kalitesini art\u0131rmak m\u00fcmk\u00fcnd\u00fcr. Bu nedenle, kal\u00e7a a\u011fr\u0131s\u0131 veya hareket k\u0131s\u0131tl\u0131l\u0131\u011f\u0131 ya\u015fayan gen\u00e7lerin bir ortopedi uzman\u0131na ba\u015fvurmalar\u0131 \u00f6nemlidir.<\/p>","protected":false},"excerpt":{"rendered":"<p data-block-id=\"52a95ee0-4694-4091-abec-d311df447b91\" data-pm-slice=\"1 1 []\">Eklem y\u00fczeyindeki k\u0131k\u0131rdak dokunun a\u015f\u0131nmas\u0131 ve bozulmas\u0131 sonucu olu\u015fan bir durumdur. Gen\u00e7lerde kal\u00e7a kire\u00e7lenmesi, kal\u00e7a ekleminde a\u011fr\u0131, sertlik ve hareket k\u0131s\u0131tl\u0131l\u0131\u011f\u0131na yol a\u00e7ar. Genetik fakt\u00f6rler, travmalar, spor yaralanmalar\u0131 ve obezite gibi etkenler neden olabilir. Erken te\u015fhis ve tedavi, semptomlar\u0131n hafifletilmesi ve ya\u015fam kalitesinin art\u0131r\u0131lmas\u0131 i\u00e7in \u00f6nemlidir.<\/p>\n<p>Gen\u00e7lerde Kal\u00e7a Kire\u00e7lenmesi Belirtileri Nelerdir?<\/p>\n<p data-block-id=\"92490c26-e711-4484-a1a1-7b142581d51c\">Kal\u00e7ada, kas\u0131kta veya uylukta s\u00fcrekli ya da aral\u0131kl\u0131 a\u011fr\u0131 hissedilebilir. Fiziksel aktiviteler s\u0131ras\u0131nda ve sonras\u0131nda a\u011fr\u0131 artabilir. \u0130leri durumlarda dinlenme s\u0131ras\u0131nda bile a\u011fr\u0131 devam edebilir. Kal\u00e7an\u0131n [&#8230;]<\/p>","protected":false},"author":1,"featured_media":2527,"comment_status":"closed","ping_status":"open","sticky":false,"template":"","format":"standard","meta":{"footnotes":""},"categories":[1],"tags":[],"class_list":["post-2522","post","type-post","status-publish","format-standard","has-post-thumbnail","hentry","category-genel"],"_links":{"self":[{"href":"https:\/\/seckinbasilgan.com\/ar\/wp-json\/wp\/v2\/posts\/2522","targetHints":{"allow":["GET"]}}],"collection":[{"href":"https:\/\/seckinbasilgan.com\/ar\/wp-json\/wp\/v2\/posts"}],"about":[{"href":"https:\/\/seckinbasilgan.com\/ar\/wp-json\/wp\/v2\/types\/post"}],"author":[{"embeddable":true,"href":"https:\/\/seckinbasilgan.com\/ar\/wp-json\/wp\/v2\/users\/1"}],"replies":[{"embeddable":true,"href":"https:\/\/seckinbasilgan.com\/ar\/wp-json\/wp\/v2\/comments?post=2522"}],"version-history":[{"count":1,"href":"https:\/\/seckinbasilgan.com\/ar\/wp-json\/wp\/v2\/posts\/2522\/revisions"}],"predecessor-version":[{"id":4385,"href":"https:\/\/seckinbasilgan.com\/ar\/wp-json\/wp\/v2\/posts\/2522\/revisions\/4385"}],"wp:featuredmedia":[{"embeddable":true,"href":"https:\/\/seckinbasilgan.com\/ar\/wp-json\/wp\/v2\/media\/2527"}],"wp:attachment":[{"href":"https:\/\/seckinbasilgan.com\/ar\/wp-json\/wp\/v2\/media?parent=2522"}],"wp:term":[{"taxonomy":"category","embeddable":true,"href":"https:\/\/seckinbasilgan.com\/ar\/wp-json\/wp\/v2\/categories?post=2522"},{"taxonomy":"post_tag","embeddable":true,"href":"https:\/\/seckinbasilgan.com\/ar\/wp-json\/wp\/v2\/tags?post=2522"}],"curies":[{"name":"wp","href":"https:\/\/api.w.org\/{rel}","templated":true}]}}